{"id":5694,"date":"2026-08-19T15:39:13","date_gmt":"2026-08-19T15:39:13","guid":{"rendered":"https:\/\/sintef.org.br\/wp\/?p=5694"},"modified":"2026-08-19T15:39:13","modified_gmt":"2026-08-19T15:39:13","slug":"boletim-semanal-683-esta-disponivel-confira-a-publicacao","status":"publish","type":"post","link":"https:\/\/sintef.org.br\/wp\/2026\/08\/19\/boletim-semanal-683-esta-disponivel-confira-a-publicacao\/","title":{"rendered":"Boletim Semanal 683 est\u00e1 dispon\u00edvel, confira a publica\u00e7\u00e3o"},"content":{"rendered":"<p><em><span style=\"font-size: 10pt;\">Este texto foi publicado originalmente no <a href=\"http:\/\/sinasefe.org.br\">site do SINASEFE<\/a>.<\/span><\/em><\/p>\n<p class=\"wp-block-paragraph\">O sindicato lan\u00e7a nesta ter\u00e7a-feira (04\/08) o\u00a0<a href=\"https:\/\/sinasefe.org.br\/site\/download\/boletim-do-sinasefe-no-683\" target=\"_blank\" rel=\"noreferrer noopener\">Boletim do SINASEFE n\u00ba 683<\/a>.<\/p>\n<p class=\"wp-block-paragraph\">Este\u00a0<a href=\"https:\/\/sinasefe.org.br\/site\/download\/boletim-do-sinasefe-no-683\" target=\"_blank\" rel=\"noreferrer noopener\">Boletim Semanal<\/a>\u00a0tem como pautas:<\/p>\n<ol class=\"wp-block-list\">\n<li><a href=\"https:\/\/sinasefe.org.br\/site\/sinasefe-participou-de-reuniao-de-instalacao-do-gt-democratizacao-das-ifes\" target=\"_blank\" rel=\"noreferrer noopener\">SINASEFE participou de reuni\u00e3o de instala\u00e7\u00e3o do GT Democratiza\u00e7\u00e3o das IFES<\/a><\/li>\n<li><a href=\"https:\/\/sinasefe.org.br\/site\/gt-carreira-3\" target=\"_blank\" rel=\"noreferrer noopener\">GT Carreira<\/a><\/li>\n<li><a href=\"https:\/\/sinasefe.org.br\/site\/211a-plenaria-nacional\" target=\"_blank\" rel=\"noreferrer noopener\">211\u00aa Plen\u00e1ria Nacional<\/a><\/li>\n<li><a href=\"https:\/\/sinasefe.org.br\/site\/19a-reuniao-da-direcao-nacional\" target=\"_blank\" rel=\"noreferrer noopener\">19\u00aa Reuni\u00e3o da Dire\u00e7\u00e3o Nacional<\/a><\/li>\n<li><a href=\"https:\/\/sinasefe.org.br\/site\/reuniao-conjunta-entre-sinasefe-andes-sn-e-fasubra-fortalece-agenda-unificada-da-educacao-federal\" target=\"_blank\" rel=\"noreferrer noopener\">Reuni\u00e3o conjunta entre SINASEFE, Andes-SN e Fasubra fortalece agenda unificada da Educa\u00e7\u00e3o Federal<\/a><\/li>\n<li><a href=\"https:\/\/sinasefe.org.br\/site\/luta-antirracista-sindicato-participa-de-congresso-de-pesquisaoresas-negrosas-na-unb\" target=\"_blank\" rel=\"noreferrer noopener\">SINASEFE participou de Congresso de Pesquisadores(as) Negros(as) na UnB<\/a><\/li>\n<\/ol>\n<h3 class=\"wp-block-heading\">Baixe e leia o Boletim 683!<\/h3>\n<p class=\"wp-block-paragraph\">A\u00a0<a href=\"https:\/\/sinasefe.org.br\/site\/download\/boletim-do-sinasefe-no-683\" target=\"_blank\" rel=\"noreferrer noopener\">publica\u00e7\u00e3o<\/a>\u00a0tem seis p\u00e1ginas e est\u00e1 dispon\u00edvel em formato PDF.<\/p>\n","protected":false},"excerpt":{"rendered":"<p>Este texto foi publicado originalmente no site do SINASEFE. O sindicato lan\u00e7a nesta ter\u00e7a-feira (04\/08) o\u00a0Boletim do SINASEFE n\u00ba 683. Este\u00a0Boletim Semanal\u00a0tem como pautas: SINASEFE participou de reuni\u00e3o de instala\u00e7\u00e3o do GT Democratiza\u00e7\u00e3o das IFES GT Carreira 211\u00aa Plen\u00e1ria Nacional 19\u00aa Reuni\u00e3o da Dire\u00e7\u00e3o Nacional Reuni\u00e3o conjunta entre SINASEFE, Andes-SN e Fasubra fortalece agenda unificada &#8230; <a title=\"Boletim Semanal 683 est\u00e1 dispon\u00edvel, confira a publica\u00e7\u00e3o\" class=\"read-more\" href=\"https:\/\/sintef.org.br\/wp\/2026\/08\/19\/boletim-semanal-683-esta-disponivel-confira-a-publicacao\/\">Ler mais&#8230;<\/a><\/p>\n","protected":false},"author":3,"featured_media":5695,"comment_status":"open","ping_status":"open","sticky":false,"template":"","format":"standard","meta":{"two_page_speed":[],"footnotes":""},"categories":[93,2,1],"tags":[],"class_list":["post-5694","post","type-post","status-publish","format-standard","has-post-thumbnail","hentry","category-boletim-do-sinasefe","category-gerais","category-uncategorized"],"_links":{"self":[{"href":"https:\/\/sintef.org.br\/wp\/wp-json\/wp\/v2\/posts\/5694","targetHints":{"allow":["GET"]}}],"collection":[{"href":"https:\/\/sintef.org.br\/wp\/wp-json\/wp\/v2\/posts"}],"about":[{"href":"https:\/\/sintef.org.br\/wp\/wp-json\/wp\/v2\/types\/post"}],"author":[{"embeddable":true,"href":"https:\/\/sintef.org.br\/wp\/wp-json\/wp\/v2\/users\/3"}],"replies":[{"embeddable":true,"href":"https:\/\/sintef.org.br\/wp\/wp-json\/wp\/v2\/comments?post=5694"}],"version-history":[{"count":1,"href":"https:\/\/sintef.org.br\/wp\/wp-json\/wp\/v2\/posts\/5694\/revisions"}],"predecessor-version":[{"id":5696,"href":"https:\/\/sintef.org.br\/wp\/wp-json\/wp\/v2\/posts\/5694\/revisions\/5696"}],"wp:featuredmedia":[{"embeddable":true,"href":"https:\/\/sintef.org.br\/wp\/wp-json\/wp\/v2\/media\/5695"}],"wp:attachment":[{"href":"https:\/\/sintef.org.br\/wp\/wp-json\/wp\/v2\/media?parent=5694"}],"wp:term":[{"taxonomy":"category","embeddable":true,"href":"https:\/\/sintef.org.br\/wp\/wp-json\/wp\/v2\/categories?post=5694"},{"taxonomy":"post_tag","embeddable":true,"href":"https:\/\/sintef.org.br\/wp\/wp-json\/wp\/v2\/tags?post=5694"}],"curies":[{"name":"wp","href":"https:\/\/api.w.org\/{rel}","templated":true}]}}