{"id":5517,"date":"2026-03-11T20:48:21","date_gmt":"2026-03-11T20:48:21","guid":{"rendered":"https:\/\/sintef.org.br\/wp\/?p=5517"},"modified":"2026-04-16T20:39:06","modified_gmt":"2026-04-16T20:39:06","slug":"convocacao-assembleia-geral-18-03-2026","status":"publish","type":"post","link":"https:\/\/sintef.org.br\/wp\/2026\/03\/11\/convocacao-assembleia-geral-18-03-2026\/","title":{"rendered":"Convoca\u00e7\u00e3o Assembleia Geral 18\/03\/2026"},"content":{"rendered":"<p>A Dire\u00e7\u00e3o Geral do Sintef-GO convoca suas filiadas e seus filiados, e \u00e0 comunidade em geral do IFG e do IF Goiano para a realiza\u00e7\u00e3o de sua Assembl\u00e9ia Geral Extraordin\u00e1ria online, no dia 18 (quarta-feira) de mar\u00e7o de 2026. A Assembleia ter\u00e1 in\u00edcio \u00e0s 10h30.<\/p>\n<p>A participa\u00e7\u00e3o online ocorrer\u00e1 por meio do seguinte link de acesso: <a href=\"https:\/\/meet.google.com\/nmy-gdes-vrg\">https:\/\/meet.google.com\/nmy-gdes-vrg<\/a><\/p>\n<p><strong>Pauta:<\/strong><\/p>\n<ol>\n<li>\u00a0Informes;<\/li>\n<li>\u00a0Delibera\u00e7\u00e3o acerca da ades\u00e3o ao Dia 1\u00ba de Abril \u2013 Dia Nacional de Paralisa\u00e7\u00e3o Pelo Cumprimento dos Acordos da Greve 2024;<\/li>\n<li>\u00a0Posicionamento do Sintef-GO quanto ao indicativo de greve em 2026, aprovado no 37\u00aa CONSINASEFE e reiterado na 207\u00aa Plena do SINASEFE;<\/li>\n<li>\u00a0Elei\u00e7\u00e3o de delegados \u00e0 208\u00aa Plena do SINASEFE (Bras\u00edlia-DF, 17, 18 e 19 de abril de 2026);<\/li>\n<li>\u00a0Indica\u00e7\u00e3o de participantes ao 4\u00ba Encontro Nacional de Mulheres do SINASEFE (Bel\u00e9m-PA, 9 a 12 de abril de 2026);<\/li>\n<li>\u00a0Indica\u00e7\u00e3o de participantes ao Encontro Nacional de Forma\u00e7\u00e3o Pol\u00edtica (S\u00e3o Paulo-SP, junho de 2026);<\/li>\n<li>\u00a0Encaminhamentos.<\/li>\n<\/ol>\n<p><strong>Sintef-GO,<\/strong><\/p>\n<p style=\"text-align: center;\"><strong>Na Luta!<\/strong><\/p>\n","protected":false},"excerpt":{"rendered":"<p>A Dire\u00e7\u00e3o Geral do Sintef-GO convoca suas filiadas e seus filiados, e \u00e0 comunidade em geral do IFG e do IF Goiano para a realiza\u00e7\u00e3o de sua Assembl\u00e9ia Geral Extraordin\u00e1ria online, no dia 18 (quarta-feira) de mar\u00e7o de 2026. A Assembleia ter\u00e1 in\u00edcio \u00e0s 10h30. A participa\u00e7\u00e3o online ocorrer\u00e1 por meio do seguinte link de &#8230; <a title=\"Convoca\u00e7\u00e3o Assembleia Geral 18\/03\/2026\" class=\"read-more\" href=\"https:\/\/sintef.org.br\/wp\/2026\/03\/11\/convocacao-assembleia-geral-18-03-2026\/\">Ler mais&#8230;<\/a><\/p>\n","protected":false},"author":3,"featured_media":5518,"comment_status":"open","ping_status":"open","sticky":false,"template":"","format":"standard","meta":{"two_page_speed":[],"footnotes":""},"categories":[28,2,1],"tags":[],"class_list":["post-5517","post","type-post","status-publish","format-standard","has-post-thumbnail","hentry","category-conv-assembleia-geral","category-gerais","category-uncategorized"],"_links":{"self":[{"href":"https:\/\/sintef.org.br\/wp\/wp-json\/wp\/v2\/posts\/5517","targetHints":{"allow":["GET"]}}],"collection":[{"href":"https:\/\/sintef.org.br\/wp\/wp-json\/wp\/v2\/posts"}],"about":[{"href":"https:\/\/sintef.org.br\/wp\/wp-json\/wp\/v2\/types\/post"}],"author":[{"embeddable":true,"href":"https:\/\/sintef.org.br\/wp\/wp-json\/wp\/v2\/users\/3"}],"replies":[{"embeddable":true,"href":"https:\/\/sintef.org.br\/wp\/wp-json\/wp\/v2\/comments?post=5517"}],"version-history":[{"count":2,"href":"https:\/\/sintef.org.br\/wp\/wp-json\/wp\/v2\/posts\/5517\/revisions"}],"predecessor-version":[{"id":5524,"href":"https:\/\/sintef.org.br\/wp\/wp-json\/wp\/v2\/posts\/5517\/revisions\/5524"}],"wp:featuredmedia":[{"embeddable":true,"href":"https:\/\/sintef.org.br\/wp\/wp-json\/wp\/v2\/media\/5518"}],"wp:attachment":[{"href":"https:\/\/sintef.org.br\/wp\/wp-json\/wp\/v2\/media?parent=5517"}],"wp:term":[{"taxonomy":"category","embeddable":true,"href":"https:\/\/sintef.org.br\/wp\/wp-json\/wp\/v2\/categories?post=5517"},{"taxonomy":"post_tag","embeddable":true,"href":"https:\/\/sintef.org.br\/wp\/wp-json\/wp\/v2\/tags?post=5517"}],"curies":[{"name":"wp","href":"https:\/\/api.w.org\/{rel}","templated":true}]}}